{"id":24600,"date":"2024-07-29T14:45:10","date_gmt":"2024-07-29T20:45:10","guid":{"rendered":"https:\/\/investinelsalvador.gob.sv\/?p=24600"},"modified":"2024-07-29T14:45:12","modified_gmt":"2024-07-29T20:45:12","slug":"international-tourism-grows-25-each-month-in-el-salvador-compared-to-2023","status":"publish","type":"post","link":"https:\/\/investinelsalvador.gob.sv\/es\/international-tourism-grows-25-each-month-in-el-salvador-compared-to-2023\/","title":{"rendered":"Turismo internacional crece 25 % cada mes en comparaci\u00f3n con 2023 en El Salvador"},"content":{"rendered":"<p><em>Gracias a la din\u00e1mica que registra el sector, la cartera de Turismo prev\u00e9 superar la meta de 3.8 millones de visitantes para el final de 2024. El sector pas\u00f3 de representar el 6.39 % del PIB en 2019 a un 14 % en 2024.<\/em><\/p>\n\n\n\n<figure class=\"wp-block-image size-large is-resized\"><img fetchpriority=\"high\" decoding=\"async\" width=\"1024\" height=\"683\" src=\"https:\/\/investinelsalvador.gob.sv\/wp-content\/uploads\/2024\/07\/jeremy-bishop-zam3m6W2npM-unsplash-1024x683.jpg\" alt=\"\" class=\"wp-image-24601\" style=\"width:686px;height:auto\" srcset=\"https:\/\/investinelsalvador.gob.sv\/wp-content\/uploads\/2024\/07\/jeremy-bishop-zam3m6W2npM-unsplash-1024x683.jpg 1024w, https:\/\/investinelsalvador.gob.sv\/wp-content\/uploads\/2024\/07\/jeremy-bishop-zam3m6W2npM-unsplash-300x200.jpg 300w, https:\/\/investinelsalvador.gob.sv\/wp-content\/uploads\/2024\/07\/jeremy-bishop-zam3m6W2npM-unsplash-768x512.jpg 768w, https:\/\/investinelsalvador.gob.sv\/wp-content\/uploads\/2024\/07\/jeremy-bishop-zam3m6W2npM-unsplash-1536x1024.jpg 1536w, https:\/\/investinelsalvador.gob.sv\/wp-content\/uploads\/2024\/07\/jeremy-bishop-zam3m6W2npM-unsplash-2048x1365.jpg 2048w, https:\/\/investinelsalvador.gob.sv\/wp-content\/uploads\/2024\/07\/jeremy-bishop-zam3m6W2npM-unsplash-18x12.jpg 18w\" sizes=\"(max-width: 1024px) 100vw, 1024px\" \/><\/figure>\n\n\n\n<p>La ministra de Turismo, Morena Valdez, afirm\u00f3 que el turismo crece un 25 % cada mes en comparaci\u00f3n con los indicadores registrados en 2023 y que este dinamismo podr\u00eda llevar a superar la meta de 3.8 millones de visitantes internacionales para este 2024.<\/p>\n\n\n\n<p>\u00abTenemos alrededor de un 20 % y un 25 % de crecimiento cada mes versus el a\u00f1o 2023, que ya fue un a\u00f1o muy bueno para nosotros en cuanto a visitantes internacionales. Esperamos sobrepasar la meta (3.8 millones), as\u00ed como vamos viendo el comportamiento de las llegadas internacionales\u00bb, se\u00f1al\u00f3 la funcionaria.<\/p>\n\n\n\n<p>Este hito, seg\u00fan la titular de la cartera, ha llevado al pa\u00eds a ser reconocido por entidades internacionales como uno de los principales cinco a escala mundial en recuperaci\u00f3n y crecimiento del sector turismo.<\/p>\n\n\n\n<p>\u00abSeg\u00fan la ONU Turismo, El Salvador se ubica como uno de los cinco pa\u00edses a escala mundial que m\u00e1s ha crecido en atracci\u00f3n de turismo. Hemos recibido m\u00e1s de 2 millones de visitantes internacionales hasta junio, una cifra r\u00e9cord para nosotros que nos coloca como pa\u00eds l\u00edder en la regi\u00f3n\u00bb, afirm\u00f3.<\/p>\n\n\n\n<p>Ese crecimiento del sector tambi\u00e9n ha impactado en la din\u00e1mica positiva de la econom\u00eda nacional, pasando de representar un 6.39 % del Producto Interno Bruto (PIB) en 2019, a una estimaci\u00f3n del 14 % para el cierre de 2024, seg\u00fan Valdez.<\/p>\n\n\n\n<p>\u00abEs importante todo lo que estamos haciendo desde todas nuestras carteras de Estado, pero el turismo est\u00e1 siendo ese pilar importante del PIB, seg\u00fan el Consejo Mundial de Viajes y Turismo, justamente el mes pasado nos coloc\u00f3 como l\u00edder en la regi\u00f3n y que el sector va a representar el 14 % del PIB este 2024. El Fondo Monetario Internacional tambi\u00e9n lo coloc\u00f3 como uno de los de mayor crecimiento junto al sector construcci\u00f3n\u00bb, remarc\u00f3.<\/p>\n\n\n\n<p>Para Valdez \u00abel gran reto es hacer sostenido este crecimiento\u00bb y para lograrlo indic\u00f3 que se est\u00e1 trabajando de forma paralela una estrategia para fortalecer el talento humano a petici\u00f3n de los empresarios, adem\u00e1s, dijo que se construye m\u00e1s oferta tur\u00edstica tanto p\u00fablica como privada.<\/p>\n\n\n\n<p>El trabajo articulado de las instituciones del Gobierno ha llevado tambi\u00e9n al sector privado a redoblar apuestas por infraestructura tur\u00edstica, seg\u00fan Valdez<\/p>\n\n\n\n<p>\u00abPor eso (por la confianza) es que hay m\u00e1s anuncios de inversi\u00f3n privada y no solo en Surf City sino en el Centro Hist\u00f3rico de San Salvador, que est\u00e1 renaciendo y cambiando con inversi\u00f3n de primer nivel. Centros comerciales, hoteles, supermercados, restaurantes est\u00e1n en construcci\u00f3n en Surf City I y en Surf City II se est\u00e1 iniciando con los malecones ecol\u00f3gicos, ba\u00f1os y duchas p\u00fablicas y torres de guardavidas, como una segunda gran apuesta por el turismo en el oriente del pa\u00eds\u00bb, concluy\u00f3 la titular de Turismo.<\/p>\n\n\n\n<p>Fuente: Diario El Salvador<\/p>\n\n\n\n<p><\/p>","protected":false},"excerpt":{"rendered":"<p>Thanks to the dynamics registered by the sector, the Tourism portfolio expects to exceed the goal of 3.8 million visitors by the end of 2024. The sector went from representing [&hellip;]<\/p>","protected":false},"author":15,"featured_media":24601,"comment_status":"closed","ping_status":"closed","sticky":false,"template":"","format":"standard","meta":{"_acf_changed":false,"_eb_attr":"","content-type":"","footnotes":""},"categories":[4],"tags":[],"class_list":["post-24600","post","type-post","status-publish","format-standard","has-post-thumbnail","hentry","category-news"],"acf":[],"aioseo_notices":[],"_links":{"self":[{"href":"https:\/\/investinelsalvador.gob.sv\/es\/wp-json\/wp\/v2\/posts\/24600","targetHints":{"allow":["GET"]}}],"collection":[{"href":"https:\/\/investinelsalvador.gob.sv\/es\/wp-json\/wp\/v2\/posts"}],"about":[{"href":"https:\/\/investinelsalvador.gob.sv\/es\/wp-json\/wp\/v2\/types\/post"}],"author":[{"embeddable":true,"href":"https:\/\/investinelsalvador.gob.sv\/es\/wp-json\/wp\/v2\/users\/15"}],"replies":[{"embeddable":true,"href":"https:\/\/investinelsalvador.gob.sv\/es\/wp-json\/wp\/v2\/comments?post=24600"}],"version-history":[{"count":1,"href":"https:\/\/investinelsalvador.gob.sv\/es\/wp-json\/wp\/v2\/posts\/24600\/revisions"}],"predecessor-version":[{"id":24602,"href":"https:\/\/investinelsalvador.gob.sv\/es\/wp-json\/wp\/v2\/posts\/24600\/revisions\/24602"}],"wp:featuredmedia":[{"embeddable":true,"href":"https:\/\/investinelsalvador.gob.sv\/es\/wp-json\/wp\/v2\/media\/24601"}],"wp:attachment":[{"href":"https:\/\/investinelsalvador.gob.sv\/es\/wp-json\/wp\/v2\/media?parent=24600"}],"wp:term":[{"taxonomy":"category","embeddable":true,"href":"https:\/\/investinelsalvador.gob.sv\/es\/wp-json\/wp\/v2\/categories?post=24600"},{"taxonomy":"post_tag","embeddable":true,"href":"https:\/\/investinelsalvador.gob.sv\/es\/wp-json\/wp\/v2\/tags?post=24600"}],"curies":[{"name":"palabra clave","href":"https:\/\/api.w.org\/{rel}","templated":true}]}}